{"id":497,"date":"2020-10-20T00:00:00","date_gmt":"2020-10-20T00:00:00","guid":{"rendered":"https:\/\/elektriliit.ee\/et\/19-10-2020-andekate-noorte-energiafond-taidab-noorte-unistusi\/"},"modified":"2020-10-20T00:00:00","modified_gmt":"2020-10-20T00:00:00","slug":"19-10-2020-andekate-noorte-energiafond-taidab-noorte-unistusi","status":"publish","type":"post","link":"https:\/\/elektriliit.ee\/et\/19-10-2020-andekate-noorte-energiafond-taidab-noorte-unistusi\/","title":{"rendered":"19.10.2020 Andekate Noorte Energiafond t\u00e4idab noorte unistusi"},"content":{"rendered":"<p><strong>Alates t\u00e4nasest ootab Andekate Noorte Energiafond taotlusi Ida-Virumaa noortelt, kes soovivad saada rahalist toetust enesearendamiseks ja huvitegevuseks. Taotlusvoor j\u00e4\u00e4b avatuks kuni 16. novembrini ning toetused jagatakse v\u00e4lja detsembris.<\/strong><\/p>\n<p>Andekate Noorte Energiafondi kaudu on v\u00f5imalik taotleda toetusi 7\u201319-aastastele idavirulastele huvitegevuse arendamiseks. Toetust v\u00f5ib saada ol\u00fcmpiaadidel, konkurssidel ja v\u00f5istlustel osalemiseks, teaduse- ja tehnikaalaste teadmiste arendamiseks ning huvialaga seotud vahendite soetamiseks. Taotluse saab esitada nooruk ise, tema vanem, \u00f5petaja, huviringi juht.<\/p>\n<p>Andekate Noorte Energiafond alustas oma tegevust 2013. aastal ning l\u00e4bi aegade on toetatud \u00fcle 300 noort idavirulast. T\u00e4navu leiab aset Energiafondi 14. taotlusvoor.<\/p>\n<p>Taotlusankeet ja t\u00e4psemad osalemistingimused on k\u00e4ttesaadavad Ida-Virumaa Omavalitsuste Liidu kodulehel:\u00a0<a href=\"http:\/\/ivol.kovtp.ee\/andekate-noorte-energiafond-koostoo\" target=\"_blank\" rel=\"noopener\">ivol.kovtp.ee\/andekate-noorte-energiafond-koostoo.<\/a><\/p>\n<p>Julget osav\u00f5ttu!<\/p>\n<p>\u00a0<\/p>\n","protected":false},"excerpt":{"rendered":"<p>Alates t\u00e4nasest ootab Andekate Noorte Energiafond taotlusi Ida-Virumaa noortelt, kes soovivad saada rahalist toetust enesearendamiseks ja huvitegevuseks. Taotlusvoor j\u00e4\u00e4b avatuks kuni 16. novembrini ning toetused jagatakse v\u00e4lja detsembris. Andekate Noorte &#8230;<\/p>\n","protected":false},"author":3,"featured_media":0,"comment_status":"open","ping_status":"open","sticky":false,"template":"","format":"standard","meta":{"_acf_changed":false,"footnotes":""},"categories":[6],"tags":[],"class_list":["post-497","post","type-post","status-publish","format-standard","hentry","category-pressiteated"],"acf":[],"_links":{"self":[{"href":"https:\/\/elektriliit.ee\/et\/wp-json\/wp\/v2\/posts\/497","targetHints":{"allow":["GET"]}}],"collection":[{"href":"https:\/\/elektriliit.ee\/et\/wp-json\/wp\/v2\/posts"}],"about":[{"href":"https:\/\/elektriliit.ee\/et\/wp-json\/wp\/v2\/types\/post"}],"author":[{"embeddable":true,"href":"https:\/\/elektriliit.ee\/et\/wp-json\/wp\/v2\/users\/3"}],"replies":[{"embeddable":true,"href":"https:\/\/elektriliit.ee\/et\/wp-json\/wp\/v2\/comments?post=497"}],"version-history":[{"count":0,"href":"https:\/\/elektriliit.ee\/et\/wp-json\/wp\/v2\/posts\/497\/revisions"}],"wp:attachment":[{"href":"https:\/\/elektriliit.ee\/et\/wp-json\/wp\/v2\/media?parent=497"}],"wp:term":[{"taxonomy":"category","embeddable":true,"href":"https:\/\/elektriliit.ee\/et\/wp-json\/wp\/v2\/categories?post=497"},{"taxonomy":"post_tag","embeddable":true,"href":"https:\/\/elektriliit.ee\/et\/wp-json\/wp\/v2\/tags?post=497"}],"curies":[{"name":"wp","href":"https:\/\/api.w.org\/{rel}","templated":true}]}}