{"id":507,"date":"2019-11-25T00:00:00","date_gmt":"2019-11-25T00:00:00","guid":{"rendered":"https:\/\/elektriliit.ee\/et\/19-11-2019-president-kaljulaid-venemaa-nn-musta-elektri-import-kujutab-endast-elektrituru-moonutuse-allikat\/"},"modified":"2019-11-25T00:00:00","modified_gmt":"2019-11-25T00:00:00","slug":"19-11-2019-president-kaljulaid-venemaa-nn-musta-elektri-import-kujutab-endast-elektrituru-moonutuse-allikat","status":"publish","type":"post","link":"https:\/\/elektriliit.ee\/et\/19-11-2019-president-kaljulaid-venemaa-nn-musta-elektri-import-kujutab-endast-elektrituru-moonutuse-allikat\/","title":{"rendered":"19.11.2019 President Kaljulaid: Venemaa nn musta elektri import kujutab endast elektrituru moonutuse allikat"},"content":{"rendered":"<div><strong>President Kersti Kaljulaid kohtus p\u00e4rastl\u00f5unal Euroopa Komisjoni j\u00e4rgmise presidendi Ursula von der Leyeni ning Euroopa \u00dclemkogu j\u00e4rgmise eesistuja Charles Micheliga. Arutelu von der Leyeniga keskendus \u00fche teemana kliimak\u00fcsimustele, aga ka julgeolekuk\u00fcsimustele.\u00a0<\/strong><\/div>\n<div>\u00a0<\/div>\n<div>\u201eKliimaneutraalse majanduse poole liikumisel on oluline reguleerida ka kolmandatest riikidest Euroopa Liitu tuleva energia maksustamine, et v\u00e4ltida nn \u201emusta\u201c energia ebaausat konkurentsieelist. Mis puudutab j\u00e4rgmist eelarveperioodi, siis oluline on seada sihid ambitsioonikalt ja r\u00f5hutades strateegilisi eesm\u00e4rke, mitte lihtsalt eelmist eelarvet \u00fcle v\u00f5ttes natuke kohendada,\u201c s\u00f5nas president Kaljulaid p\u00e4rast kohtumist.<\/div>\n<div>\u00a0<\/div>\n<div>Venemaa p\u00e4ritolu elekter on Euroopa Liidus asuvatele elektritootjatele regioonis suureks probleemiks seet\u00f5ttu, et Venemaa elektritootjad ei pea maksma CO2 kvoodi eest. Seet\u00f5ttu on nende toodangu omahind Euroopa Liidu turule sisenedes oluliselt madalam kui Euroopa Liidus olevatel elektritootjatel ning tagaj\u00e4rjeks on ebaaus konkurents elektriturul. Samuti ei aita Venemaalt p\u00e4rit CO2 maksuvaba elekter kaasa ka CO2 maksu eesm\u00e4rgi saavutamisele, milleks on taastuvenergiale konkurentsieelise andmine.\u00a0<\/div>\n<div>\u00a0<\/div>\n<div>Eesti Elektrit\u00f6\u00f6stuse Liit leiab, et Venemaa ja kolmandate riikide p\u00e4ritoluga elektri import Euroopa Liidu riikidesse kujutab endast Balti elektrituru moonutuse allikat, mis v\u00e4hendab ebaausalt kohalike tootjate konkurentsiv\u00f5imet ning suurendab uute tootmisv\u00f5imsuste arendamisega seonduvaid riske ja kulusid. V\u00e4hendamaks ja elimineerimaks selle moonutuse m\u00f5ju tuleks elektri impordile kolmandatest riikidest kehtestada CO2 p\u00f5hine imporditariif v\u00f5i hakata impordi mahtu piirama, millega taastatakse aus konkurents elektriturul. Sellise president Kaljulaidi ettepanekuga \u00fchineb ka Eesti Elektrit\u00f6\u00f6stuse Liit.<\/div>\n<div>\u00a0<\/div>\n","protected":false},"excerpt":{"rendered":"<p>President Kersti Kaljulaid kohtus p\u00e4rastl\u00f5unal Euroopa Komisjoni j\u00e4rgmise presidendi Ursula von der Leyeni ning Euroopa \u00dclemkogu j\u00e4rgmise eesistuja Charles Micheliga. Arutelu von der Leyeniga keskendus \u00fche teemana kliimak\u00fcsimustele, aga ka &#8230;<\/p>\n","protected":false},"author":3,"featured_media":0,"comment_status":"open","ping_status":"open","sticky":false,"template":"","format":"standard","meta":{"_acf_changed":false,"footnotes":""},"categories":[6],"tags":[],"class_list":["post-507","post","type-post","status-publish","format-standard","hentry","category-pressiteated"],"acf":[],"_links":{"self":[{"href":"https:\/\/elektriliit.ee\/et\/wp-json\/wp\/v2\/posts\/507","targetHints":{"allow":["GET"]}}],"collection":[{"href":"https:\/\/elektriliit.ee\/et\/wp-json\/wp\/v2\/posts"}],"about":[{"href":"https:\/\/elektriliit.ee\/et\/wp-json\/wp\/v2\/types\/post"}],"author":[{"embeddable":true,"href":"https:\/\/elektriliit.ee\/et\/wp-json\/wp\/v2\/users\/3"}],"replies":[{"embeddable":true,"href":"https:\/\/elektriliit.ee\/et\/wp-json\/wp\/v2\/comments?post=507"}],"version-history":[{"count":0,"href":"https:\/\/elektriliit.ee\/et\/wp-json\/wp\/v2\/posts\/507\/revisions"}],"wp:attachment":[{"href":"https:\/\/elektriliit.ee\/et\/wp-json\/wp\/v2\/media?parent=507"}],"wp:term":[{"taxonomy":"category","embeddable":true,"href":"https:\/\/elektriliit.ee\/et\/wp-json\/wp\/v2\/categories?post=507"},{"taxonomy":"post_tag","embeddable":true,"href":"https:\/\/elektriliit.ee\/et\/wp-json\/wp\/v2\/tags?post=507"}],"curies":[{"name":"wp","href":"https:\/\/api.w.org\/{rel}","templated":true}]}}