{"id":511,"date":"2019-07-08T00:00:00","date_gmt":"2019-07-08T00:00:00","guid":{"rendered":"https:\/\/elektriliit.ee\/et\/08-07-2019-polevkivituha-valjaarvamine-ohtlike-jaatmete-hulgast-edendab-eesti-ringmajandust\/"},"modified":"2019-07-08T00:00:00","modified_gmt":"2019-07-08T00:00:00","slug":"08-07-2019-polevkivituha-valjaarvamine-ohtlike-jaatmete-hulgast-edendab-eesti-ringmajandust","status":"publish","type":"post","link":"https:\/\/elektriliit.ee\/et\/08-07-2019-polevkivituha-valjaarvamine-ohtlike-jaatmete-hulgast-edendab-eesti-ringmajandust\/","title":{"rendered":"08.07.2019 P\u00f5levkivituha v\u00e4ljaarvamine ohtlike j\u00e4\u00e4tmete hulgast edendab Eesti ringmajandust"},"content":{"rendered":"<p><strong>TalTechi ja Tartu \u00fclikooli p\u00f5hjalik uuring kinnitas, et p\u00f5levkivituhad on samasuguste omadustega nagu kivis\u00f6etuhad, mist\u00f5ttu pole p\u00f5hjust neid eraldiseisvalt ohtlikeks j\u00e4\u00e4tmeteks liigitada. Keskkonnaministeeriumi on lubanud p\u00f5levkivituhad ohtlike j\u00e4\u00e4tmete hulgast v\u00e4lja arvata, mis omakorda laiendab ja edendab Eestis ringimajandust.<\/strong><\/p>\n<p>Kuigi mitmed p\u00f5levkivituhast valmistatud tooted on juba varasematel aastatel standardiseeritud, lubab p\u00f5levkivituha v\u00e4ljaarvamine ohtlike j\u00e4\u00e4tmete nimekirjast tuhka tuham\u00e4ele viimise asemel efektiivsemalt ja senisest rohkem kasutada n\u00e4iteks ehitusmaterjalina, tsemendi ja betooni tootmises, p\u00f5llumajanduses, muude ehitusmaterjalide ja plastide valmistamisel ning teedeehituses.<\/p>\n<p>Mitmete koost\u00f6\u00f6programmide tulemusel teadusasutuste ja \u00fclikoolidega on turule tulnud p\u00f5levkivituhast valmistatud mullaparandaja Enefix. Uuringud ja testid n\u00e4itasid, et p\u00f5levkivituhal on positiivne m\u00f5ju saagikusele ning see sobib h\u00e4sti ka mahep\u00f5ldudel kasutamiseks.\u00a0<span style=\"font-size: 13.008px;\">Euroopa Liidu keskkonnaalase Life-programmi toel on l\u00e4bi viidud pilootprojekti \u201eOsamat\u201c, mis kinnitas, et p\u00f5levkivilendtuhk on konkurentsiv\u00f5imeline materjal ka teedeehituses.<\/span><\/p>\n<p>P\u00f5levkivituha v\u00e4ljaarvamine ohtlike j\u00e4\u00e4tmete hulgast parandab ka Eesti positsiooni Euroopa Liidu ohtlike j\u00e4\u00e4tmete statistikas, kuna teistes EL-i riikides ei arvatud fossiilsete k\u00fctuste p\u00f5lemisel tekkinud tuhka ohtlike j\u00e4\u00e4tmete hulka.<\/p>\n<p>P\u00f5levkivituhkade uuringu tellis keskkonnaministeerium ning seda rahastas SA Keskkonnainvesteeringute Keskus. Uuringuga saab tutvuda <a href=\"https:\/\/www.envir.ee\/sites\/default\/files\/tuhaohtlikkus_aruanne.pdf\" target=\"_blank\" rel=\"noopener\">SIIN<\/a>.<\/p>\n","protected":false},"excerpt":{"rendered":"<p>TalTechi ja Tartu \u00fclikooli p\u00f5hjalik uuring kinnitas, et p\u00f5levkivituhad on samasuguste omadustega nagu kivis\u00f6etuhad, mist\u00f5ttu pole p\u00f5hjust neid eraldiseisvalt ohtlikeks j\u00e4\u00e4tmeteks liigitada. Keskkonnaministeeriumi on lubanud p\u00f5levkivituhad ohtlike j\u00e4\u00e4tmete hulgast v\u00e4lja &#8230;<\/p>\n","protected":false},"author":3,"featured_media":0,"comment_status":"open","ping_status":"open","sticky":false,"template":"","format":"standard","meta":{"_acf_changed":false,"footnotes":""},"categories":[6],"tags":[],"class_list":["post-511","post","type-post","status-publish","format-standard","hentry","category-pressiteated"],"acf":[],"_links":{"self":[{"href":"https:\/\/elektriliit.ee\/et\/wp-json\/wp\/v2\/posts\/511","targetHints":{"allow":["GET"]}}],"collection":[{"href":"https:\/\/elektriliit.ee\/et\/wp-json\/wp\/v2\/posts"}],"about":[{"href":"https:\/\/elektriliit.ee\/et\/wp-json\/wp\/v2\/types\/post"}],"author":[{"embeddable":true,"href":"https:\/\/elektriliit.ee\/et\/wp-json\/wp\/v2\/users\/3"}],"replies":[{"embeddable":true,"href":"https:\/\/elektriliit.ee\/et\/wp-json\/wp\/v2\/comments?post=511"}],"version-history":[{"count":0,"href":"https:\/\/elektriliit.ee\/et\/wp-json\/wp\/v2\/posts\/511\/revisions"}],"wp:attachment":[{"href":"https:\/\/elektriliit.ee\/et\/wp-json\/wp\/v2\/media?parent=511"}],"wp:term":[{"taxonomy":"category","embeddable":true,"href":"https:\/\/elektriliit.ee\/et\/wp-json\/wp\/v2\/categories?post=511"},{"taxonomy":"post_tag","embeddable":true,"href":"https:\/\/elektriliit.ee\/et\/wp-json\/wp\/v2\/tags?post=511"}],"curies":[{"name":"wp","href":"https:\/\/api.w.org\/{rel}","templated":true}]}}